{"id":8549,"date":"2023-12-01T10:08:56","date_gmt":"2023-12-01T09:08:56","guid":{"rendered":"https:\/\/www.monlouis-avocat.fr\/public\/?p=8549"},"modified":"2024-05-19T20:15:17","modified_gmt":"2024-05-19T19:15:17","slug":"me-joelle-monlouis-nommee-chevalier-dans-lordre-national-du-merite","status":"publish","type":"post","link":"https:\/\/www.monlouis-avocat.fr\/public\/2023\/12\/01\/me-joelle-monlouis-nommee-chevalier-dans-lordre-national-du-merite\/","title":{"rendered":"Me Jo\u00eblle Monlouis nomm\u00e9e Chevalier dans l&rsquo;Ordre National du M\u00e9rite"},"content":{"rendered":"","protected":false},"excerpt":{"rendered":"","protected":false},"author":1,"featured_media":0,"comment_status":"closed","ping_status":"closed","sticky":false,"template":"","format":"standard","meta":{"footnotes":""},"categories":[55,59],"tags":[],"yoast_head":"<!-- This site is optimized with the Yoast SEO plugin v22.3 - https:\/\/yoast.com\/wordpress\/plugins\/seo\/ -->\n<title>Me Jo\u00eblle Monlouis nomm\u00e9e Chevalier dans l&#039;Ordre National du M\u00e9rite - Cabinet d&#039;avocat Jo\u00eblle Monlouis<\/title>\n<meta name=\"description\" content=\"Par d\u00e9cret du Pr\u00e9sident de la R\u00e9publique en date du 23 novembre 2023 et sur proposition de la Ministre des Sports et des Jeux Olympiques et Paralympiques,Me Jo\u00eblle Monlouis \u00e9t\u00e9 nomm\u00e9e Chevalier dans l&#039;Ordre National du M\u00e9rite.\" \/>\n<meta name=\"robots\" content=\"index, follow, max-snippet:-1, max-image-preview:large, max-video-preview:-1\" \/>\n<link rel=\"canonical\" href=\"https:\/\/www.monlouis-avocat.fr\/public\/2023\/12\/01\/me-joelle-monlouis-nommee-chevalier-dans-lordre-national-du-merite\/\" \/>\n<meta property=\"og:locale\" content=\"fr_FR\" \/>\n<meta property=\"og:type\" content=\"article\" \/>\n<meta property=\"og:title\" content=\"Me Jo\u00eblle Monlouis nomm\u00e9e Chevalier dans l&#039;Ordre National du M\u00e9rite - Cabinet d&#039;avocat Jo\u00eblle Monlouis\" \/>\n<meta property=\"og:description\" content=\"Par d\u00e9cret du Pr\u00e9sident de la R\u00e9publique en date du 23 novembre 2023 et sur proposition de la Ministre des Sports et des Jeux Olympiques et Paralympiques,Me Jo\u00eblle Monlouis \u00e9t\u00e9 nomm\u00e9e Chevalier dans l&#039;Ordre National du M\u00e9rite.\" \/>\n<meta property=\"og:url\" content=\"https:\/\/www.monlouis-avocat.fr\/public\/2023\/12\/01\/me-joelle-monlouis-nommee-chevalier-dans-lordre-national-du-merite\/\" \/>\n<meta property=\"og:site_name\" content=\"Cabinet d&#039;avocat Jo\u00eblle Monlouis\" \/>\n<meta property=\"article:publisher\" content=\"https:\/\/www.facebook.com\/jmonlouis\/\" \/>\n<meta property=\"article:published_time\" content=\"2023-12-01T09:08:56+00:00\" \/>\n<meta property=\"article:modified_time\" content=\"2024-05-19T19:15:17+00:00\" \/>\n<meta name=\"author\" content=\"ma_admin\" \/>\n<meta name=\"twitter:card\" content=\"summary_large_image\" \/>\n<meta name=\"twitter:creator\" content=\"@JoelleMonlouis\" \/>\n<meta name=\"twitter:site\" content=\"@JoelleMonlouis\" \/>\n<meta name=\"twitter:label1\" content=\"\u00c9crit par\" \/>\n\t<meta name=\"twitter:data1\" content=\"ma_admin\" \/>\n<script type=\"application\/ld+json\" class=\"yoast-schema-graph\">{\"@context\":\"https:\/\/schema.org\",\"@graph\":[{\"@type\":\"Article\",\"@id\":\"https:\/\/www.monlouis-avocat.fr\/public\/2023\/12\/01\/me-joelle-monlouis-nommee-chevalier-dans-lordre-national-du-merite\/#article\",\"isPartOf\":{\"@id\":\"https:\/\/www.monlouis-avocat.fr\/public\/2023\/12\/01\/me-joelle-monlouis-nommee-chevalier-dans-lordre-national-du-merite\/\"},\"author\":{\"name\":\"ma_admin\",\"@id\":\"https:\/\/www.monlouis-avocat.fr\/public\/#\/schema\/person\/d4ab82f2fc32ee2648a8e55cc54fb8c4\"},\"headline\":\"Me Jo\u00eblle Monlouis nomm\u00e9e Chevalier dans l&rsquo;Ordre National du M\u00e9rite\",\"datePublished\":\"2023-12-01T09:08:56+00:00\",\"dateModified\":\"2024-05-19T19:15:17+00:00\",\"mainEntityOfPage\":{\"@id\":\"https:\/\/www.monlouis-avocat.fr\/public\/2023\/12\/01\/me-joelle-monlouis-nommee-chevalier-dans-lordre-national-du-merite\/\"},\"wordCount\":13,\"publisher\":{\"@id\":\"https:\/\/www.monlouis-avocat.fr\/public\/#organization\"},\"articleSection\":[\"Actualit\u00e9s\",\"Articles\"],\"inLanguage\":\"fr-FR\"},{\"@type\":\"WebPage\",\"@id\":\"https:\/\/www.monlouis-avocat.fr\/public\/2023\/12\/01\/me-joelle-monlouis-nommee-chevalier-dans-lordre-national-du-merite\/\",\"url\":\"https:\/\/www.monlouis-avocat.fr\/public\/2023\/12\/01\/me-joelle-monlouis-nommee-chevalier-dans-lordre-national-du-merite\/\",\"name\":\"Me Jo\u00eblle Monlouis nomm\u00e9e Chevalier dans l'Ordre National du M\u00e9rite - Cabinet d&#039;avocat Jo\u00eblle Monlouis\",\"isPartOf\":{\"@id\":\"https:\/\/www.monlouis-avocat.fr\/public\/#website\"},\"datePublished\":\"2023-12-01T09:08:56+00:00\",\"dateModified\":\"2024-05-19T19:15:17+00:00\",\"description\":\"Par d\u00e9cret du Pr\u00e9sident de la R\u00e9publique en date du 23 novembre 2023 et sur proposition de la Ministre des Sports et des Jeux Olympiques et Paralympiques,Me Jo\u00eblle Monlouis \u00e9t\u00e9 nomm\u00e9e Chevalier dans l'Ordre National du M\u00e9rite.\",\"breadcrumb\":{\"@id\":\"https:\/\/www.monlouis-avocat.fr\/public\/2023\/12\/01\/me-joelle-monlouis-nommee-chevalier-dans-lordre-national-du-merite\/#breadcrumb\"},\"inLanguage\":\"fr-FR\",\"potentialAction\":[{\"@type\":\"ReadAction\",\"target\":[\"https:\/\/www.monlouis-avocat.fr\/public\/2023\/12\/01\/me-joelle-monlouis-nommee-chevalier-dans-lordre-national-du-merite\/\"]}]},{\"@type\":\"BreadcrumbList\",\"@id\":\"https:\/\/www.monlouis-avocat.fr\/public\/2023\/12\/01\/me-joelle-monlouis-nommee-chevalier-dans-lordre-national-du-merite\/#breadcrumb\",\"itemListElement\":[{\"@type\":\"ListItem\",\"position\":1,\"name\":\"Accueil\",\"item\":\"https:\/\/www.monlouis-avocat.fr\/public\/\"},{\"@type\":\"ListItem\",\"position\":2,\"name\":\"Me Jo\u00eblle Monlouis nomm\u00e9e Chevalier dans l&rsquo;Ordre National du M\u00e9rite\"}]},{\"@type\":\"WebSite\",\"@id\":\"https:\/\/www.monlouis-avocat.fr\/public\/#website\",\"url\":\"https:\/\/www.monlouis-avocat.fr\/public\/\",\"name\":\"Cabinet d&#039;avocat Jo\u00eblle Monlouis\",\"description\":\"Cabinet d&#039;avocat Jo\u00eblle Monlouis - Droit du Sport et Droit des Affaires\",\"publisher\":{\"@id\":\"https:\/\/www.monlouis-avocat.fr\/public\/#organization\"},\"potentialAction\":[{\"@type\":\"SearchAction\",\"target\":{\"@type\":\"EntryPoint\",\"urlTemplate\":\"https:\/\/www.monlouis-avocat.fr\/public\/?s={search_term_string}\"},\"query-input\":\"required name=search_term_string\"}],\"inLanguage\":\"fr-FR\"},{\"@type\":\"Organization\",\"@id\":\"https:\/\/www.monlouis-avocat.fr\/public\/#organization\",\"name\":\"Cabinet Jo\u00eblle Monlouis Avocats Paris\",\"url\":\"https:\/\/www.monlouis-avocat.fr\/public\/\",\"logo\":{\"@type\":\"ImageObject\",\"inLanguage\":\"fr-FR\",\"@id\":\"https:\/\/www.monlouis-avocat.fr\/public\/#\/schema\/logo\/image\/\",\"url\":\"http:\/\/www.monlouis-avocat.fr\/public\/wp-content\/uploads\/2016\/12\/logo-new.png\",\"contentUrl\":\"http:\/\/www.monlouis-avocat.fr\/public\/wp-content\/uploads\/2016\/12\/logo-new.png\",\"width\":676,\"height\":210,\"caption\":\"Cabinet Jo\u00eblle Monlouis Avocats Paris\"},\"image\":{\"@id\":\"https:\/\/www.monlouis-avocat.fr\/public\/#\/schema\/logo\/image\/\"},\"sameAs\":[\"https:\/\/www.facebook.com\/jmonlouis\/\",\"https:\/\/twitter.com\/JoelleMonlouis\",\"https:\/\/www.instagram.com\/joellemonlouis\/\",\"https:\/\/www.linkedin.com\/in\/jo\u00eblle-monlouis-5418382\/\",\"https:\/\/www.youtube.com\/playlist?list=PL9RkMN3th6szSkP_p8h-j8Gel0jl7Pq9h\"]},{\"@type\":\"Person\",\"@id\":\"https:\/\/www.monlouis-avocat.fr\/public\/#\/schema\/person\/d4ab82f2fc32ee2648a8e55cc54fb8c4\",\"name\":\"ma_admin\",\"image\":{\"@type\":\"ImageObject\",\"inLanguage\":\"fr-FR\",\"@id\":\"https:\/\/www.monlouis-avocat.fr\/public\/#\/schema\/person\/image\/\",\"url\":\"https:\/\/secure.gravatar.com\/avatar\/152ef44da513365c1c4dfca06f58b40e?s=96&d=mm&r=g\",\"contentUrl\":\"https:\/\/secure.gravatar.com\/avatar\/152ef44da513365c1c4dfca06f58b40e?s=96&d=mm&r=g\",\"caption\":\"ma_admin\"}}]}<\/script>\n<!-- \/ Yoast SEO plugin. -->","yoast_head_json":{"title":"Me Jo\u00eblle Monlouis nomm\u00e9e Chevalier dans l'Ordre National du M\u00e9rite - Cabinet d&#039;avocat Jo\u00eblle Monlouis","description":"Par d\u00e9cret du Pr\u00e9sident de la R\u00e9publique en date du 23 novembre 2023 et sur proposition de la Ministre des Sports et des Jeux Olympiques et Paralympiques,Me Jo\u00eblle Monlouis \u00e9t\u00e9 nomm\u00e9e Chevalier dans l'Ordre National du M\u00e9rite.","robots":{"index":"index","follow":"follow","max-snippet":"max-snippet:-1","max-image-preview":"max-image-preview:large","max-video-preview":"max-video-preview:-1"},"canonical":"https:\/\/www.monlouis-avocat.fr\/public\/2023\/12\/01\/me-joelle-monlouis-nommee-chevalier-dans-lordre-national-du-merite\/","og_locale":"fr_FR","og_type":"article","og_title":"Me Jo\u00eblle Monlouis nomm\u00e9e Chevalier dans l'Ordre National du M\u00e9rite - Cabinet d&#039;avocat Jo\u00eblle Monlouis","og_description":"Par d\u00e9cret du Pr\u00e9sident de la R\u00e9publique en date du 23 novembre 2023 et sur proposition de la Ministre des Sports et des Jeux Olympiques et Paralympiques,Me Jo\u00eblle Monlouis \u00e9t\u00e9 nomm\u00e9e Chevalier dans l'Ordre National du M\u00e9rite.","og_url":"https:\/\/www.monlouis-avocat.fr\/public\/2023\/12\/01\/me-joelle-monlouis-nommee-chevalier-dans-lordre-national-du-merite\/","og_site_name":"Cabinet d&#039;avocat Jo\u00eblle Monlouis","article_publisher":"https:\/\/www.facebook.com\/jmonlouis\/","article_published_time":"2023-12-01T09:08:56+00:00","article_modified_time":"2024-05-19T19:15:17+00:00","author":"ma_admin","twitter_card":"summary_large_image","twitter_creator":"@JoelleMonlouis","twitter_site":"@JoelleMonlouis","twitter_misc":{"\u00c9crit par":"ma_admin"},"schema":{"@context":"https:\/\/schema.org","@graph":[{"@type":"Article","@id":"https:\/\/www.monlouis-avocat.fr\/public\/2023\/12\/01\/me-joelle-monlouis-nommee-chevalier-dans-lordre-national-du-merite\/#article","isPartOf":{"@id":"https:\/\/www.monlouis-avocat.fr\/public\/2023\/12\/01\/me-joelle-monlouis-nommee-chevalier-dans-lordre-national-du-merite\/"},"author":{"name":"ma_admin","@id":"https:\/\/www.monlouis-avocat.fr\/public\/#\/schema\/person\/d4ab82f2fc32ee2648a8e55cc54fb8c4"},"headline":"Me Jo\u00eblle Monlouis nomm\u00e9e Chevalier dans l&rsquo;Ordre National du M\u00e9rite","datePublished":"2023-12-01T09:08:56+00:00","dateModified":"2024-05-19T19:15:17+00:00","mainEntityOfPage":{"@id":"https:\/\/www.monlouis-avocat.fr\/public\/2023\/12\/01\/me-joelle-monlouis-nommee-chevalier-dans-lordre-national-du-merite\/"},"wordCount":13,"publisher":{"@id":"https:\/\/www.monlouis-avocat.fr\/public\/#organization"},"articleSection":["Actualit\u00e9s","Articles"],"inLanguage":"fr-FR"},{"@type":"WebPage","@id":"https:\/\/www.monlouis-avocat.fr\/public\/2023\/12\/01\/me-joelle-monlouis-nommee-chevalier-dans-lordre-national-du-merite\/","url":"https:\/\/www.monlouis-avocat.fr\/public\/2023\/12\/01\/me-joelle-monlouis-nommee-chevalier-dans-lordre-national-du-merite\/","name":"Me Jo\u00eblle Monlouis nomm\u00e9e Chevalier dans l'Ordre National du M\u00e9rite - Cabinet d&#039;avocat Jo\u00eblle Monlouis","isPartOf":{"@id":"https:\/\/www.monlouis-avocat.fr\/public\/#website"},"datePublished":"2023-12-01T09:08:56+00:00","dateModified":"2024-05-19T19:15:17+00:00","description":"Par d\u00e9cret du Pr\u00e9sident de la R\u00e9publique en date du 23 novembre 2023 et sur proposition de la Ministre des Sports et des Jeux Olympiques et Paralympiques,Me Jo\u00eblle Monlouis \u00e9t\u00e9 nomm\u00e9e Chevalier dans l'Ordre National du M\u00e9rite.","breadcrumb":{"@id":"https:\/\/www.monlouis-avocat.fr\/public\/2023\/12\/01\/me-joelle-monlouis-nommee-chevalier-dans-lordre-national-du-merite\/#breadcrumb"},"inLanguage":"fr-FR","potentialAction":[{"@type":"ReadAction","target":["https:\/\/www.monlouis-avocat.fr\/public\/2023\/12\/01\/me-joelle-monlouis-nommee-chevalier-dans-lordre-national-du-merite\/"]}]},{"@type":"BreadcrumbList","@id":"https:\/\/www.monlouis-avocat.fr\/public\/2023\/12\/01\/me-joelle-monlouis-nommee-chevalier-dans-lordre-national-du-merite\/#breadcrumb","itemListElement":[{"@type":"ListItem","position":1,"name":"Accueil","item":"https:\/\/www.monlouis-avocat.fr\/public\/"},{"@type":"ListItem","position":2,"name":"Me Jo\u00eblle Monlouis nomm\u00e9e Chevalier dans l&rsquo;Ordre National du M\u00e9rite"}]},{"@type":"WebSite","@id":"https:\/\/www.monlouis-avocat.fr\/public\/#website","url":"https:\/\/www.monlouis-avocat.fr\/public\/","name":"Cabinet d&#039;avocat Jo\u00eblle Monlouis","description":"Cabinet d&#039;avocat Jo\u00eblle Monlouis - Droit du Sport et Droit des Affaires","publisher":{"@id":"https:\/\/www.monlouis-avocat.fr\/public\/#organization"},"potentialAction":[{"@type":"SearchAction","target":{"@type":"EntryPoint","urlTemplate":"https:\/\/www.monlouis-avocat.fr\/public\/?s={search_term_string}"},"query-input":"required name=search_term_string"}],"inLanguage":"fr-FR"},{"@type":"Organization","@id":"https:\/\/www.monlouis-avocat.fr\/public\/#organization","name":"Cabinet Jo\u00eblle Monlouis Avocats Paris","url":"https:\/\/www.monlouis-avocat.fr\/public\/","logo":{"@type":"ImageObject","inLanguage":"fr-FR","@id":"https:\/\/www.monlouis-avocat.fr\/public\/#\/schema\/logo\/image\/","url":"http:\/\/www.monlouis-avocat.fr\/public\/wp-content\/uploads\/2016\/12\/logo-new.png","contentUrl":"http:\/\/www.monlouis-avocat.fr\/public\/wp-content\/uploads\/2016\/12\/logo-new.png","width":676,"height":210,"caption":"Cabinet Jo\u00eblle Monlouis Avocats Paris"},"image":{"@id":"https:\/\/www.monlouis-avocat.fr\/public\/#\/schema\/logo\/image\/"},"sameAs":["https:\/\/www.facebook.com\/jmonlouis\/","https:\/\/twitter.com\/JoelleMonlouis","https:\/\/www.instagram.com\/joellemonlouis\/","https:\/\/www.linkedin.com\/in\/jo\u00eblle-monlouis-5418382\/","https:\/\/www.youtube.com\/playlist?list=PL9RkMN3th6szSkP_p8h-j8Gel0jl7Pq9h"]},{"@type":"Person","@id":"https:\/\/www.monlouis-avocat.fr\/public\/#\/schema\/person\/d4ab82f2fc32ee2648a8e55cc54fb8c4","name":"ma_admin","image":{"@type":"ImageObject","inLanguage":"fr-FR","@id":"https:\/\/www.monlouis-avocat.fr\/public\/#\/schema\/person\/image\/","url":"https:\/\/secure.gravatar.com\/avatar\/152ef44da513365c1c4dfca06f58b40e?s=96&d=mm&r=g","contentUrl":"https:\/\/secure.gravatar.com\/avatar\/152ef44da513365c1c4dfca06f58b40e?s=96&d=mm&r=g","caption":"ma_admin"}}]}},"_links":{"self":[{"href":"https:\/\/www.monlouis-avocat.fr\/public\/wp-json\/wp\/v2\/posts\/8549"}],"collection":[{"href":"https:\/\/www.monlouis-avocat.fr\/public\/wp-json\/wp\/v2\/posts"}],"about":[{"href":"https:\/\/www.monlouis-avocat.fr\/public\/wp-json\/wp\/v2\/types\/post"}],"author":[{"embeddable":true,"href":"https:\/\/www.monlouis-avocat.fr\/public\/wp-json\/wp\/v2\/users\/1"}],"replies":[{"embeddable":true,"href":"https:\/\/www.monlouis-avocat.fr\/public\/wp-json\/wp\/v2\/comments?post=8549"}],"version-history":[{"count":1,"href":"https:\/\/www.monlouis-avocat.fr\/public\/wp-json\/wp\/v2\/posts\/8549\/revisions"}],"predecessor-version":[{"id":8551,"href":"https:\/\/www.monlouis-avocat.fr\/public\/wp-json\/wp\/v2\/posts\/8549\/revisions\/8551"}],"wp:attachment":[{"href":"https:\/\/www.monlouis-avocat.fr\/public\/wp-json\/wp\/v2\/media?parent=8549"}],"wp:term":[{"taxonomy":"category","embeddable":true,"href":"https:\/\/www.monlouis-avocat.fr\/public\/wp-json\/wp\/v2\/categories?post=8549"},{"taxonomy":"post_tag","embeddable":true,"href":"https:\/\/www.monlouis-avocat.fr\/public\/wp-json\/wp\/v2\/tags?post=8549"}],"curies":[{"name":"wp","href":"https:\/\/api.w.org\/{rel}","templated":true}]}}